{"id":14905,"date":"2014-10-10T17:52:00","date_gmt":"2014-10-10T15:52:00","guid":{"rendered":"https:\/\/www.swisschamber.it\/?p=14905"},"modified":"2023-03-16T12:14:26","modified_gmt":"2023-03-16T11:14:26","slug":"porsche-temporary-space-swiss-corner-la-nuova-cayenne","status":"publish","type":"post","link":"https:\/\/www.swisschamber.it\/en\/2014\/10\/10\/porsche-temporary-space-swiss-corner-la-nuova-cayenne\/","title":{"rendered":"Porsche Temporary Space @ Swiss Corner: la nuova Cayenne"},"content":{"rendered":"\n<h3 class=\"wp-block-heading\">Dal 10 al 15 ottobre 2014 &#8211; Swiss Corner<\/h3>\n\n\n\n<p>I Centri Porsche di Milano tornano allo Swiss Corner per il secondo appuntamento in citt\u00e0: <strong>da oggi al 15 ottobre<\/strong>, infatti, sono nuovamente presenti esponendo la nuova Porsche Cayenne, di recentissima presentazione al pubblico.<\/p>\n\n\n\n<p>Non perda l&#8217;occasione di ammirarla di persona e di effettuare un test drive, esclusivamente su prenotazione, affiancato dai nostri Consulenti di vendita o, nelle giornate di <strong>marted\u00ec 14<\/strong> e <strong>mercoled\u00ec 15<\/strong>, da un istruttore della <strong>Porsche Sport Driving School<\/strong>, direttamente presso lo Swiss Corner.<br>Venendo a farci visita presso il <strong>Porsche Temporary Space<\/strong> potr\u00e0, inoltre, vivere l&#8217;esperienza Porsche a 360\u00b0 curiosando fra i prodotti della linea <strong>Porsche Design Driver\u2019s Selection<\/strong> o scoprendo tutti i servizi e le iniziative a disposizione della Clientela presso le due sedi: <strong>Centro Porsche Milano Nord<\/strong>, Via Stephenson, 53 \u2013 <strong>Centro Porsche Milano Est<\/strong>, via Rubattino, 94.<br><strong>Dalle 10:00 alle 20:00<\/strong> lo staff dei <strong>Centri Porsche di Milano <\/strong>sar\u00e0 presente per rispondere a tutte le sue curiosit\u00e0 sul mondo Porsche: per ricevere maggiori informazioni sulle attivit\u00e0 del <strong>Porsche Temporary Space<\/strong> o prenotare un incontro con un Consulente di vendita, <a href=\"http:\/\/conosciamocimeglio.milano.porscheitalia.com\/ita\/\" target=\"_blank\" rel=\"noreferrer noopener\">clicchi qui<\/a>.<br>Non perda i prossimi appuntamenti presso il Porsche Temporary Space: dal <strong>10 al 16 novembre<\/strong> e dal<strong> 15 al 22 dicembre<\/strong>, per ognuno dei quali ci sar\u00e0 un modello diverso di vettura Porsche da ammirare.<\/p>\n","protected":false},"excerpt":{"rendered":"<p>Dal 10 al 15 ottobre 2014 &#8211; Swiss Corner I Centri Porsche di Milano tornano allo Swiss Corner per il secondo appuntamento in citt\u00e0: da oggi al 15 ottobre, infatti, sono nuovamente presenti esponendo la nuova Porsche Cayenne, di recentissima presentazione al pubblico. Non perda l&#8217;occasione di ammirarla di persona e di effettuare un test [&hellip;]<\/p>\n","protected":false},"author":6,"featured_media":0,"comment_status":"open","ping_status":"open","sticky":false,"template":"","format":"standard","meta":{"_acf_changed":false,"footnotes":""},"categories":[70],"tags":[],"class_list":["post-14905","post","type-post","status-publish","format-standard","hentry","category-installations"],"acf":[],"yoast_head":"<!-- This site is optimized with the Yoast SEO plugin v27.5 - https:\/\/yoast.com\/product\/yoast-seo-wordpress\/ -->\n<title>Porsche Temporary Space @ Swiss Corner: la nuova Cayenne | Swiss Chamber<\/title>\n<meta name=\"robots\" content=\"index, follow, max-snippet:-1, max-image-preview:large, max-video-preview:-1\" \/>\n<link rel=\"canonical\" href=\"https:\/\/www.swisschamber.it\/en\/2014\/10\/10\/porsche-temporary-space-swiss-corner-la-nuova-cayenne\/\" \/>\n<meta property=\"og:locale\" content=\"en_US\" \/>\n<meta property=\"og:type\" content=\"article\" \/>\n<meta property=\"og:title\" content=\"Porsche Temporary Space @ Swiss Corner: la nuova Cayenne | Swiss Chamber\" \/>\n<meta property=\"og:description\" content=\"Dal 10 al 15 ottobre 2014 &#8211; Swiss Corner I Centri Porsche di Milano tornano allo Swiss Corner per il secondo appuntamento in citt\u00e0: da oggi al 15 ottobre, infatti, sono nuovamente presenti esponendo la nuova Porsche Cayenne, di recentissima presentazione al pubblico. Non perda l&#8217;occasione di ammirarla di persona e di effettuare un test [&hellip;]\" \/>\n<meta property=\"og:url\" content=\"https:\/\/www.swisschamber.it\/en\/2014\/10\/10\/porsche-temporary-space-swiss-corner-la-nuova-cayenne\/\" \/>\n<meta property=\"og:site_name\" content=\"Swiss Chamber\" \/>\n<meta property=\"article:published_time\" content=\"2014-10-10T15:52:00+00:00\" \/>\n<meta property=\"article:modified_time\" content=\"2023-03-16T11:14:26+00:00\" \/>\n<meta name=\"author\" content=\"Info@swisschamber.it\" \/>\n<meta name=\"twitter:card\" content=\"summary_large_image\" \/>\n<meta name=\"twitter:label1\" content=\"Written by\" \/>\n\t<meta name=\"twitter:data1\" content=\"Info@swisschamber.it\" \/>\n\t<meta name=\"twitter:label2\" content=\"Est. reading time\" \/>\n\t<meta name=\"twitter:data2\" content=\"1 minute\" \/>\n<script type=\"application\/ld+json\" class=\"yoast-schema-graph\">{\"@context\":\"https:\\\/\\\/schema.org\",\"@graph\":[{\"@type\":\"Article\",\"@id\":\"https:\\\/\\\/www.swisschamber.it\\\/en\\\/2014\\\/10\\\/10\\\/porsche-temporary-space-swiss-corner-la-nuova-cayenne\\\/#article\",\"isPartOf\":{\"@id\":\"https:\\\/\\\/www.swisschamber.it\\\/en\\\/2014\\\/10\\\/10\\\/porsche-temporary-space-swiss-corner-la-nuova-cayenne\\\/\"},\"author\":{\"name\":\"Info@swisschamber.it\",\"@id\":\"https:\\\/\\\/www.swisschamber.it\\\/#\\\/schema\\\/person\\\/9da14e2fe1bb97ea61bfaf00dbbc4431\"},\"headline\":\"Porsche Temporary Space @ Swiss Corner: la nuova Cayenne\",\"datePublished\":\"2014-10-10T15:52:00+00:00\",\"dateModified\":\"2023-03-16T11:14:26+00:00\",\"mainEntityOfPage\":{\"@id\":\"https:\\\/\\\/www.swisschamber.it\\\/en\\\/2014\\\/10\\\/10\\\/porsche-temporary-space-swiss-corner-la-nuova-cayenne\\\/\"},\"wordCount\":216,\"commentCount\":0,\"publisher\":{\"@id\":\"https:\\\/\\\/www.swisschamber.it\\\/#organization\"},\"articleSection\":[\"Installations\"],\"inLanguage\":\"en-US\",\"potentialAction\":[{\"@type\":\"CommentAction\",\"name\":\"Comment\",\"target\":[\"https:\\\/\\\/www.swisschamber.it\\\/en\\\/2014\\\/10\\\/10\\\/porsche-temporary-space-swiss-corner-la-nuova-cayenne\\\/#respond\"]}]},{\"@type\":\"WebPage\",\"@id\":\"https:\\\/\\\/www.swisschamber.it\\\/en\\\/2014\\\/10\\\/10\\\/porsche-temporary-space-swiss-corner-la-nuova-cayenne\\\/\",\"url\":\"https:\\\/\\\/www.swisschamber.it\\\/en\\\/2014\\\/10\\\/10\\\/porsche-temporary-space-swiss-corner-la-nuova-cayenne\\\/\",\"name\":\"Porsche Temporary Space @ Swiss Corner: la nuova Cayenne | Swiss Chamber\",\"isPartOf\":{\"@id\":\"https:\\\/\\\/www.swisschamber.it\\\/#website\"},\"datePublished\":\"2014-10-10T15:52:00+00:00\",\"dateModified\":\"2023-03-16T11:14:26+00:00\",\"breadcrumb\":{\"@id\":\"https:\\\/\\\/www.swisschamber.it\\\/en\\\/2014\\\/10\\\/10\\\/porsche-temporary-space-swiss-corner-la-nuova-cayenne\\\/#breadcrumb\"},\"inLanguage\":\"en-US\",\"potentialAction\":[{\"@type\":\"ReadAction\",\"target\":[\"https:\\\/\\\/www.swisschamber.it\\\/en\\\/2014\\\/10\\\/10\\\/porsche-temporary-space-swiss-corner-la-nuova-cayenne\\\/\"]}]},{\"@type\":\"BreadcrumbList\",\"@id\":\"https:\\\/\\\/www.swisschamber.it\\\/en\\\/2014\\\/10\\\/10\\\/porsche-temporary-space-swiss-corner-la-nuova-cayenne\\\/#breadcrumb\",\"itemListElement\":[{\"@type\":\"ListItem\",\"position\":1,\"name\":\"Home\",\"item\":\"https:\\\/\\\/www.swisschamber.it\\\/en\\\/\"},{\"@type\":\"ListItem\",\"position\":2,\"name\":\"Porsche Temporary Space @ Swiss Corner: la nuova Cayenne\"}]},{\"@type\":\"WebSite\",\"@id\":\"https:\\\/\\\/www.swisschamber.it\\\/#website\",\"url\":\"https:\\\/\\\/www.swisschamber.it\\\/\",\"name\":\"Swiss Chamber\",\"description\":\"Un nuovo sito targato WordPress\",\"publisher\":{\"@id\":\"https:\\\/\\\/www.swisschamber.it\\\/#organization\"},\"potentialAction\":[{\"@type\":\"SearchAction\",\"target\":{\"@type\":\"EntryPoint\",\"urlTemplate\":\"https:\\\/\\\/www.swisschamber.it\\\/?s={search_term_string}\"},\"query-input\":{\"@type\":\"PropertyValueSpecification\",\"valueRequired\":true,\"valueName\":\"search_term_string\"}}],\"inLanguage\":\"en-US\"},{\"@type\":\"Organization\",\"@id\":\"https:\\\/\\\/www.swisschamber.it\\\/#organization\",\"name\":\"SwissChamber - camera di commercio svizzera in Italia\",\"url\":\"https:\\\/\\\/www.swisschamber.it\\\/\",\"logo\":{\"@type\":\"ImageObject\",\"inLanguage\":\"en-US\",\"@id\":\"https:\\\/\\\/www.swisschamber.it\\\/#\\\/schema\\\/logo\\\/image\\\/\",\"url\":\"https:\\\/\\\/www.swisschamber.it\\\/wp-content\\\/uploads\\\/2016\\\/01\\\/SC_Logo_3_IT_cut1.jpg\",\"contentUrl\":\"https:\\\/\\\/www.swisschamber.it\\\/wp-content\\\/uploads\\\/2016\\\/01\\\/SC_Logo_3_IT_cut1.jpg\",\"width\":1276,\"height\":1118,\"caption\":\"SwissChamber - camera di commercio svizzera in Italia\"},\"image\":{\"@id\":\"https:\\\/\\\/www.swisschamber.it\\\/#\\\/schema\\\/logo\\\/image\\\/\"}},{\"@type\":\"Person\",\"@id\":\"https:\\\/\\\/www.swisschamber.it\\\/#\\\/schema\\\/person\\\/9da14e2fe1bb97ea61bfaf00dbbc4431\",\"name\":\"Info@swisschamber.it\",\"image\":{\"@type\":\"ImageObject\",\"inLanguage\":\"en-US\",\"@id\":\"https:\\\/\\\/secure.gravatar.com\\\/avatar\\\/418aa7300fba6e36de7a2507e7ee7f70862991d5082109c0823f979b617f80e0?s=96&d=mm&r=g\",\"url\":\"https:\\\/\\\/secure.gravatar.com\\\/avatar\\\/418aa7300fba6e36de7a2507e7ee7f70862991d5082109c0823f979b617f80e0?s=96&d=mm&r=g\",\"contentUrl\":\"https:\\\/\\\/secure.gravatar.com\\\/avatar\\\/418aa7300fba6e36de7a2507e7ee7f70862991d5082109c0823f979b617f80e0?s=96&d=mm&r=g\",\"caption\":\"Info@swisschamber.it\"},\"url\":\"https:\\\/\\\/www.swisschamber.it\\\/en\\\/author\\\/infoswisschamber-it\\\/\"}]}<\/script>\n<!-- \/ Yoast SEO plugin. -->","yoast_head_json":{"title":"Porsche Temporary Space @ Swiss Corner: la nuova Cayenne | Swiss Chamber","robots":{"index":"index","follow":"follow","max-snippet":"max-snippet:-1","max-image-preview":"max-image-preview:large","max-video-preview":"max-video-preview:-1"},"canonical":"https:\/\/www.swisschamber.it\/en\/2014\/10\/10\/porsche-temporary-space-swiss-corner-la-nuova-cayenne\/","og_locale":"en_US","og_type":"article","og_title":"Porsche Temporary Space @ Swiss Corner: la nuova Cayenne | Swiss Chamber","og_description":"Dal 10 al 15 ottobre 2014 &#8211; Swiss Corner I Centri Porsche di Milano tornano allo Swiss Corner per il secondo appuntamento in citt\u00e0: da oggi al 15 ottobre, infatti, sono nuovamente presenti esponendo la nuova Porsche Cayenne, di recentissima presentazione al pubblico. Non perda l&#8217;occasione di ammirarla di persona e di effettuare un test [&hellip;]","og_url":"https:\/\/www.swisschamber.it\/en\/2014\/10\/10\/porsche-temporary-space-swiss-corner-la-nuova-cayenne\/","og_site_name":"Swiss Chamber","article_published_time":"2014-10-10T15:52:00+00:00","article_modified_time":"2023-03-16T11:14:26+00:00","author":"Info@swisschamber.it","twitter_card":"summary_large_image","twitter_misc":{"Written by":"Info@swisschamber.it","Est. reading time":"1 minute"},"schema":{"@context":"https:\/\/schema.org","@graph":[{"@type":"Article","@id":"https:\/\/www.swisschamber.it\/en\/2014\/10\/10\/porsche-temporary-space-swiss-corner-la-nuova-cayenne\/#article","isPartOf":{"@id":"https:\/\/www.swisschamber.it\/en\/2014\/10\/10\/porsche-temporary-space-swiss-corner-la-nuova-cayenne\/"},"author":{"name":"Info@swisschamber.it","@id":"https:\/\/www.swisschamber.it\/#\/schema\/person\/9da14e2fe1bb97ea61bfaf00dbbc4431"},"headline":"Porsche Temporary Space @ Swiss Corner: la nuova Cayenne","datePublished":"2014-10-10T15:52:00+00:00","dateModified":"2023-03-16T11:14:26+00:00","mainEntityOfPage":{"@id":"https:\/\/www.swisschamber.it\/en\/2014\/10\/10\/porsche-temporary-space-swiss-corner-la-nuova-cayenne\/"},"wordCount":216,"commentCount":0,"publisher":{"@id":"https:\/\/www.swisschamber.it\/#organization"},"articleSection":["Installations"],"inLanguage":"en-US","potentialAction":[{"@type":"CommentAction","name":"Comment","target":["https:\/\/www.swisschamber.it\/en\/2014\/10\/10\/porsche-temporary-space-swiss-corner-la-nuova-cayenne\/#respond"]}]},{"@type":"WebPage","@id":"https:\/\/www.swisschamber.it\/en\/2014\/10\/10\/porsche-temporary-space-swiss-corner-la-nuova-cayenne\/","url":"https:\/\/www.swisschamber.it\/en\/2014\/10\/10\/porsche-temporary-space-swiss-corner-la-nuova-cayenne\/","name":"Porsche Temporary Space @ Swiss Corner: la nuova Cayenne | Swiss Chamber","isPartOf":{"@id":"https:\/\/www.swisschamber.it\/#website"},"datePublished":"2014-10-10T15:52:00+00:00","dateModified":"2023-03-16T11:14:26+00:00","breadcrumb":{"@id":"https:\/\/www.swisschamber.it\/en\/2014\/10\/10\/porsche-temporary-space-swiss-corner-la-nuova-cayenne\/#breadcrumb"},"inLanguage":"en-US","potentialAction":[{"@type":"ReadAction","target":["https:\/\/www.swisschamber.it\/en\/2014\/10\/10\/porsche-temporary-space-swiss-corner-la-nuova-cayenne\/"]}]},{"@type":"BreadcrumbList","@id":"https:\/\/www.swisschamber.it\/en\/2014\/10\/10\/porsche-temporary-space-swiss-corner-la-nuova-cayenne\/#breadcrumb","itemListElement":[{"@type":"ListItem","position":1,"name":"Home","item":"https:\/\/www.swisschamber.it\/en\/"},{"@type":"ListItem","position":2,"name":"Porsche Temporary Space @ Swiss Corner: la nuova Cayenne"}]},{"@type":"WebSite","@id":"https:\/\/www.swisschamber.it\/#website","url":"https:\/\/www.swisschamber.it\/","name":"Swiss Chamber","description":"Un nuovo sito targato WordPress","publisher":{"@id":"https:\/\/www.swisschamber.it\/#organization"},"potentialAction":[{"@type":"SearchAction","target":{"@type":"EntryPoint","urlTemplate":"https:\/\/www.swisschamber.it\/?s={search_term_string}"},"query-input":{"@type":"PropertyValueSpecification","valueRequired":true,"valueName":"search_term_string"}}],"inLanguage":"en-US"},{"@type":"Organization","@id":"https:\/\/www.swisschamber.it\/#organization","name":"SwissChamber - camera di commercio svizzera in Italia","url":"https:\/\/www.swisschamber.it\/","logo":{"@type":"ImageObject","inLanguage":"en-US","@id":"https:\/\/www.swisschamber.it\/#\/schema\/logo\/image\/","url":"https:\/\/www.swisschamber.it\/wp-content\/uploads\/2016\/01\/SC_Logo_3_IT_cut1.jpg","contentUrl":"https:\/\/www.swisschamber.it\/wp-content\/uploads\/2016\/01\/SC_Logo_3_IT_cut1.jpg","width":1276,"height":1118,"caption":"SwissChamber - camera di commercio svizzera in Italia"},"image":{"@id":"https:\/\/www.swisschamber.it\/#\/schema\/logo\/image\/"}},{"@type":"Person","@id":"https:\/\/www.swisschamber.it\/#\/schema\/person\/9da14e2fe1bb97ea61bfaf00dbbc4431","name":"Info@swisschamber.it","image":{"@type":"ImageObject","inLanguage":"en-US","@id":"https:\/\/secure.gravatar.com\/avatar\/418aa7300fba6e36de7a2507e7ee7f70862991d5082109c0823f979b617f80e0?s=96&d=mm&r=g","url":"https:\/\/secure.gravatar.com\/avatar\/418aa7300fba6e36de7a2507e7ee7f70862991d5082109c0823f979b617f80e0?s=96&d=mm&r=g","contentUrl":"https:\/\/secure.gravatar.com\/avatar\/418aa7300fba6e36de7a2507e7ee7f70862991d5082109c0823f979b617f80e0?s=96&d=mm&r=g","caption":"Info@swisschamber.it"},"url":"https:\/\/www.swisschamber.it\/en\/author\/infoswisschamber-it\/"}]}},"_links":{"self":[{"href":"https:\/\/www.swisschamber.it\/en\/wp-json\/wp\/v2\/posts\/14905","targetHints":{"allow":["GET"]}}],"collection":[{"href":"https:\/\/www.swisschamber.it\/en\/wp-json\/wp\/v2\/posts"}],"about":[{"href":"https:\/\/www.swisschamber.it\/en\/wp-json\/wp\/v2\/types\/post"}],"author":[{"embeddable":true,"href":"https:\/\/www.swisschamber.it\/en\/wp-json\/wp\/v2\/users\/6"}],"replies":[{"embeddable":true,"href":"https:\/\/www.swisschamber.it\/en\/wp-json\/wp\/v2\/comments?post=14905"}],"version-history":[{"count":1,"href":"https:\/\/www.swisschamber.it\/en\/wp-json\/wp\/v2\/posts\/14905\/revisions"}],"predecessor-version":[{"id":14906,"href":"https:\/\/www.swisschamber.it\/en\/wp-json\/wp\/v2\/posts\/14905\/revisions\/14906"}],"wp:attachment":[{"href":"https:\/\/www.swisschamber.it\/en\/wp-json\/wp\/v2\/media?parent=14905"}],"wp:term":[{"taxonomy":"category","embeddable":true,"href":"https:\/\/www.swisschamber.it\/en\/wp-json\/wp\/v2\/categories?post=14905"},{"taxonomy":"post_tag","embeddable":true,"href":"https:\/\/www.swisschamber.it\/en\/wp-json\/wp\/v2\/tags?post=14905"}],"curies":[{"name":"wp","href":"https:\/\/api.w.org\/{rel}","templated":true}]}}