{"id":14827,"date":"2013-05-14T17:14:00","date_gmt":"2013-05-14T15:14:00","guid":{"rendered":"https:\/\/www.swisschamber.it\/?p=14827"},"modified":"2023-03-16T12:14:33","modified_gmt":"2023-03-16T11:14:33","slug":"usi-emba-open-day","status":"publish","type":"post","link":"https:\/\/www.swisschamber.it\/en\/2013\/05\/14\/usi-emba-open-day\/","title":{"rendered":"USI EMBA Open Day"},"content":{"rendered":"\n<h3 class=\"wp-block-heading\">Mercoled\u00ec 22 maggio alle ore 18.00 presso SWISS CORNER<\/h3>\n\n\n\n<p>L\u2019universit\u00e0 della Svizzera Italiana invita ad una giornata di presentazione del master EMBA.<\/p>\n\n\n\n<p>L\u2019Executive Master in Business Administration \u00e8 un master avanzato di management, tenuto interamente in inglese, presso la facolt\u00e0 internazionale USI nella citt\u00e0 di Lugano.&nbsp;Nel corso dell&#8217;incontro, organizzato presso lo SWISS CORNER, sar\u00e0 possibile conoscere ed approfondire in dettaglio gli obiettivi ed il programma del master internazionale.<\/p>\n\n\n\n<figure class=\"wp-block-image size-large\"><img loading=\"lazy\" decoding=\"async\" width=\"855\" height=\"1024\" src=\"https:\/\/www.swisschamber.it\/wp-content\/uploads\/2013\/05\/usi_EMBA-855x1024.gif\" alt=\"\" class=\"wp-image-695\" srcset=\"https:\/\/www.swisschamber.it\/wp-content\/uploads\/2013\/05\/usi_EMBA-855x1024.gif 855w, https:\/\/www.swisschamber.it\/wp-content\/uploads\/2013\/05\/usi_EMBA-250x300.gif 250w, https:\/\/www.swisschamber.it\/wp-content\/uploads\/2013\/05\/usi_EMBA-768x920.gif 768w\" sizes=\"auto, (max-width: 855px) 100vw, 855px\" \/><\/figure>\n\n\n\n<p>Per ulteriori info scarica la brochure.<\/p>\n\n\n\n<div class=\"wp-block-file\"><a id=\"wp-block-file--media-67664f28-6902-47a9-9c3a-6d1d6f1230d6\" href=\"https:\/\/www.swisschamber.it\/wp-content\/uploads\/2013\/05\/USI-EMBA4.pdf\" target=\"_blank\" rel=\"noreferrer noopener\">USI EMBA Brochure<\/a><\/div>\n","protected":false},"excerpt":{"rendered":"<p>Mercoled\u00ec 22 maggio alle ore 18.00 presso SWISS CORNER L\u2019universit\u00e0 della Svizzera Italiana invita ad una giornata di presentazione del master EMBA. L\u2019Executive Master in Business Administration \u00e8 un master avanzato di management, tenuto interamente in inglese, presso la facolt\u00e0 internazionale USI nella citt\u00e0 di Lugano.&nbsp;Nel corso dell&#8217;incontro, organizzato presso lo SWISS CORNER, sar\u00e0 possibile [&hellip;]<\/p>\n","protected":false},"author":6,"featured_media":0,"comment_status":"open","ping_status":"open","sticky":false,"template":"","format":"standard","meta":{"_acf_changed":false,"footnotes":""},"categories":[68],"tags":[],"class_list":["post-14827","post","type-post","status-publish","format-standard","hentry","category-events"],"acf":[],"yoast_head":"<!-- This site is optimized with the Yoast SEO plugin v27.5 - https:\/\/yoast.com\/product\/yoast-seo-wordpress\/ -->\n<title>USI EMBA Open Day | Swiss Chamber<\/title>\n<meta name=\"robots\" content=\"index, follow, max-snippet:-1, max-image-preview:large, max-video-preview:-1\" \/>\n<link rel=\"canonical\" href=\"https:\/\/www.swisschamber.it\/en\/2013\/05\/14\/usi-emba-open-day\/\" \/>\n<meta property=\"og:locale\" content=\"en_US\" \/>\n<meta property=\"og:type\" content=\"article\" \/>\n<meta property=\"og:title\" content=\"USI EMBA Open Day | Swiss Chamber\" \/>\n<meta property=\"og:description\" content=\"Mercoled\u00ec 22 maggio alle ore 18.00 presso SWISS CORNER L\u2019universit\u00e0 della Svizzera Italiana invita ad una giornata di presentazione del master EMBA. L\u2019Executive Master in Business Administration \u00e8 un master avanzato di management, tenuto interamente in inglese, presso la facolt\u00e0 internazionale USI nella citt\u00e0 di Lugano.&nbsp;Nel corso dell&#8217;incontro, organizzato presso lo SWISS CORNER, sar\u00e0 possibile [&hellip;]\" \/>\n<meta property=\"og:url\" content=\"https:\/\/www.swisschamber.it\/en\/2013\/05\/14\/usi-emba-open-day\/\" \/>\n<meta property=\"og:site_name\" content=\"Swiss Chamber\" \/>\n<meta property=\"article:published_time\" content=\"2013-05-14T15:14:00+00:00\" \/>\n<meta property=\"article:modified_time\" content=\"2023-03-16T11:14:33+00:00\" \/>\n<meta property=\"og:image\" content=\"https:\/\/www.swisschamber.it\/wp-content\/uploads\/2013\/05\/usi_EMBA-855x1024.gif\" \/>\n<meta name=\"author\" content=\"Info@swisschamber.it\" \/>\n<meta name=\"twitter:card\" content=\"summary_large_image\" \/>\n<meta name=\"twitter:label1\" content=\"Written by\" \/>\n\t<meta name=\"twitter:data1\" content=\"Info@swisschamber.it\" \/>\n<script type=\"application\/ld+json\" class=\"yoast-schema-graph\">{\"@context\":\"https:\\\/\\\/schema.org\",\"@graph\":[{\"@type\":\"Article\",\"@id\":\"https:\\\/\\\/www.swisschamber.it\\\/en\\\/2013\\\/05\\\/14\\\/usi-emba-open-day\\\/#article\",\"isPartOf\":{\"@id\":\"https:\\\/\\\/www.swisschamber.it\\\/en\\\/2013\\\/05\\\/14\\\/usi-emba-open-day\\\/\"},\"author\":{\"name\":\"Info@swisschamber.it\",\"@id\":\"https:\\\/\\\/www.swisschamber.it\\\/#\\\/schema\\\/person\\\/9da14e2fe1bb97ea61bfaf00dbbc4431\"},\"headline\":\"USI EMBA Open Day\",\"datePublished\":\"2013-05-14T15:14:00+00:00\",\"dateModified\":\"2023-03-16T11:14:33+00:00\",\"mainEntityOfPage\":{\"@id\":\"https:\\\/\\\/www.swisschamber.it\\\/en\\\/2013\\\/05\\\/14\\\/usi-emba-open-day\\\/\"},\"wordCount\":82,\"commentCount\":0,\"publisher\":{\"@id\":\"https:\\\/\\\/www.swisschamber.it\\\/#organization\"},\"image\":{\"@id\":\"https:\\\/\\\/www.swisschamber.it\\\/en\\\/2013\\\/05\\\/14\\\/usi-emba-open-day\\\/#primaryimage\"},\"thumbnailUrl\":\"https:\\\/\\\/www.swisschamber.it\\\/wp-content\\\/uploads\\\/2013\\\/05\\\/usi_EMBA-855x1024.gif\",\"articleSection\":[\"Events\"],\"inLanguage\":\"en-US\",\"potentialAction\":[{\"@type\":\"CommentAction\",\"name\":\"Comment\",\"target\":[\"https:\\\/\\\/www.swisschamber.it\\\/en\\\/2013\\\/05\\\/14\\\/usi-emba-open-day\\\/#respond\"]}]},{\"@type\":\"WebPage\",\"@id\":\"https:\\\/\\\/www.swisschamber.it\\\/en\\\/2013\\\/05\\\/14\\\/usi-emba-open-day\\\/\",\"url\":\"https:\\\/\\\/www.swisschamber.it\\\/en\\\/2013\\\/05\\\/14\\\/usi-emba-open-day\\\/\",\"name\":\"USI EMBA Open Day | Swiss Chamber\",\"isPartOf\":{\"@id\":\"https:\\\/\\\/www.swisschamber.it\\\/#website\"},\"primaryImageOfPage\":{\"@id\":\"https:\\\/\\\/www.swisschamber.it\\\/en\\\/2013\\\/05\\\/14\\\/usi-emba-open-day\\\/#primaryimage\"},\"image\":{\"@id\":\"https:\\\/\\\/www.swisschamber.it\\\/en\\\/2013\\\/05\\\/14\\\/usi-emba-open-day\\\/#primaryimage\"},\"thumbnailUrl\":\"https:\\\/\\\/www.swisschamber.it\\\/wp-content\\\/uploads\\\/2013\\\/05\\\/usi_EMBA-855x1024.gif\",\"datePublished\":\"2013-05-14T15:14:00+00:00\",\"dateModified\":\"2023-03-16T11:14:33+00:00\",\"breadcrumb\":{\"@id\":\"https:\\\/\\\/www.swisschamber.it\\\/en\\\/2013\\\/05\\\/14\\\/usi-emba-open-day\\\/#breadcrumb\"},\"inLanguage\":\"en-US\",\"potentialAction\":[{\"@type\":\"ReadAction\",\"target\":[\"https:\\\/\\\/www.swisschamber.it\\\/en\\\/2013\\\/05\\\/14\\\/usi-emba-open-day\\\/\"]}]},{\"@type\":\"ImageObject\",\"inLanguage\":\"en-US\",\"@id\":\"https:\\\/\\\/www.swisschamber.it\\\/en\\\/2013\\\/05\\\/14\\\/usi-emba-open-day\\\/#primaryimage\",\"url\":\"https:\\\/\\\/www.swisschamber.it\\\/wp-content\\\/uploads\\\/2013\\\/05\\\/usi_EMBA-855x1024.gif\",\"contentUrl\":\"https:\\\/\\\/www.swisschamber.it\\\/wp-content\\\/uploads\\\/2013\\\/05\\\/usi_EMBA-855x1024.gif\"},{\"@type\":\"BreadcrumbList\",\"@id\":\"https:\\\/\\\/www.swisschamber.it\\\/en\\\/2013\\\/05\\\/14\\\/usi-emba-open-day\\\/#breadcrumb\",\"itemListElement\":[{\"@type\":\"ListItem\",\"position\":1,\"name\":\"Home\",\"item\":\"https:\\\/\\\/www.swisschamber.it\\\/en\\\/\"},{\"@type\":\"ListItem\",\"position\":2,\"name\":\"USI EMBA Open Day\"}]},{\"@type\":\"WebSite\",\"@id\":\"https:\\\/\\\/www.swisschamber.it\\\/#website\",\"url\":\"https:\\\/\\\/www.swisschamber.it\\\/\",\"name\":\"Swiss Chamber\",\"description\":\"Un nuovo sito targato WordPress\",\"publisher\":{\"@id\":\"https:\\\/\\\/www.swisschamber.it\\\/#organization\"},\"potentialAction\":[{\"@type\":\"SearchAction\",\"target\":{\"@type\":\"EntryPoint\",\"urlTemplate\":\"https:\\\/\\\/www.swisschamber.it\\\/?s={search_term_string}\"},\"query-input\":{\"@type\":\"PropertyValueSpecification\",\"valueRequired\":true,\"valueName\":\"search_term_string\"}}],\"inLanguage\":\"en-US\"},{\"@type\":\"Organization\",\"@id\":\"https:\\\/\\\/www.swisschamber.it\\\/#organization\",\"name\":\"SwissChamber - camera di commercio svizzera in Italia\",\"url\":\"https:\\\/\\\/www.swisschamber.it\\\/\",\"logo\":{\"@type\":\"ImageObject\",\"inLanguage\":\"en-US\",\"@id\":\"https:\\\/\\\/www.swisschamber.it\\\/#\\\/schema\\\/logo\\\/image\\\/\",\"url\":\"https:\\\/\\\/www.swisschamber.it\\\/wp-content\\\/uploads\\\/2016\\\/01\\\/SC_Logo_3_IT_cut1.jpg\",\"contentUrl\":\"https:\\\/\\\/www.swisschamber.it\\\/wp-content\\\/uploads\\\/2016\\\/01\\\/SC_Logo_3_IT_cut1.jpg\",\"width\":1276,\"height\":1118,\"caption\":\"SwissChamber - camera di commercio svizzera in Italia\"},\"image\":{\"@id\":\"https:\\\/\\\/www.swisschamber.it\\\/#\\\/schema\\\/logo\\\/image\\\/\"}},{\"@type\":\"Person\",\"@id\":\"https:\\\/\\\/www.swisschamber.it\\\/#\\\/schema\\\/person\\\/9da14e2fe1bb97ea61bfaf00dbbc4431\",\"name\":\"Info@swisschamber.it\",\"image\":{\"@type\":\"ImageObject\",\"inLanguage\":\"en-US\",\"@id\":\"https:\\\/\\\/secure.gravatar.com\\\/avatar\\\/418aa7300fba6e36de7a2507e7ee7f70862991d5082109c0823f979b617f80e0?s=96&d=mm&r=g\",\"url\":\"https:\\\/\\\/secure.gravatar.com\\\/avatar\\\/418aa7300fba6e36de7a2507e7ee7f70862991d5082109c0823f979b617f80e0?s=96&d=mm&r=g\",\"contentUrl\":\"https:\\\/\\\/secure.gravatar.com\\\/avatar\\\/418aa7300fba6e36de7a2507e7ee7f70862991d5082109c0823f979b617f80e0?s=96&d=mm&r=g\",\"caption\":\"Info@swisschamber.it\"},\"url\":\"https:\\\/\\\/www.swisschamber.it\\\/en\\\/author\\\/infoswisschamber-it\\\/\"}]}<\/script>\n<!-- \/ Yoast SEO plugin. -->","yoast_head_json":{"title":"USI EMBA Open Day | Swiss Chamber","robots":{"index":"index","follow":"follow","max-snippet":"max-snippet:-1","max-image-preview":"max-image-preview:large","max-video-preview":"max-video-preview:-1"},"canonical":"https:\/\/www.swisschamber.it\/en\/2013\/05\/14\/usi-emba-open-day\/","og_locale":"en_US","og_type":"article","og_title":"USI EMBA Open Day | Swiss Chamber","og_description":"Mercoled\u00ec 22 maggio alle ore 18.00 presso SWISS CORNER L\u2019universit\u00e0 della Svizzera Italiana invita ad una giornata di presentazione del master EMBA. L\u2019Executive Master in Business Administration \u00e8 un master avanzato di management, tenuto interamente in inglese, presso la facolt\u00e0 internazionale USI nella citt\u00e0 di Lugano.&nbsp;Nel corso dell&#8217;incontro, organizzato presso lo SWISS CORNER, sar\u00e0 possibile [&hellip;]","og_url":"https:\/\/www.swisschamber.it\/en\/2013\/05\/14\/usi-emba-open-day\/","og_site_name":"Swiss Chamber","article_published_time":"2013-05-14T15:14:00+00:00","article_modified_time":"2023-03-16T11:14:33+00:00","og_image":[{"url":"https:\/\/www.swisschamber.it\/wp-content\/uploads\/2013\/05\/usi_EMBA-855x1024.gif","type":"","width":"","height":""}],"author":"Info@swisschamber.it","twitter_card":"summary_large_image","twitter_misc":{"Written by":"Info@swisschamber.it"},"schema":{"@context":"https:\/\/schema.org","@graph":[{"@type":"Article","@id":"https:\/\/www.swisschamber.it\/en\/2013\/05\/14\/usi-emba-open-day\/#article","isPartOf":{"@id":"https:\/\/www.swisschamber.it\/en\/2013\/05\/14\/usi-emba-open-day\/"},"author":{"name":"Info@swisschamber.it","@id":"https:\/\/www.swisschamber.it\/#\/schema\/person\/9da14e2fe1bb97ea61bfaf00dbbc4431"},"headline":"USI EMBA Open Day","datePublished":"2013-05-14T15:14:00+00:00","dateModified":"2023-03-16T11:14:33+00:00","mainEntityOfPage":{"@id":"https:\/\/www.swisschamber.it\/en\/2013\/05\/14\/usi-emba-open-day\/"},"wordCount":82,"commentCount":0,"publisher":{"@id":"https:\/\/www.swisschamber.it\/#organization"},"image":{"@id":"https:\/\/www.swisschamber.it\/en\/2013\/05\/14\/usi-emba-open-day\/#primaryimage"},"thumbnailUrl":"https:\/\/www.swisschamber.it\/wp-content\/uploads\/2013\/05\/usi_EMBA-855x1024.gif","articleSection":["Events"],"inLanguage":"en-US","potentialAction":[{"@type":"CommentAction","name":"Comment","target":["https:\/\/www.swisschamber.it\/en\/2013\/05\/14\/usi-emba-open-day\/#respond"]}]},{"@type":"WebPage","@id":"https:\/\/www.swisschamber.it\/en\/2013\/05\/14\/usi-emba-open-day\/","url":"https:\/\/www.swisschamber.it\/en\/2013\/05\/14\/usi-emba-open-day\/","name":"USI EMBA Open Day | Swiss Chamber","isPartOf":{"@id":"https:\/\/www.swisschamber.it\/#website"},"primaryImageOfPage":{"@id":"https:\/\/www.swisschamber.it\/en\/2013\/05\/14\/usi-emba-open-day\/#primaryimage"},"image":{"@id":"https:\/\/www.swisschamber.it\/en\/2013\/05\/14\/usi-emba-open-day\/#primaryimage"},"thumbnailUrl":"https:\/\/www.swisschamber.it\/wp-content\/uploads\/2013\/05\/usi_EMBA-855x1024.gif","datePublished":"2013-05-14T15:14:00+00:00","dateModified":"2023-03-16T11:14:33+00:00","breadcrumb":{"@id":"https:\/\/www.swisschamber.it\/en\/2013\/05\/14\/usi-emba-open-day\/#breadcrumb"},"inLanguage":"en-US","potentialAction":[{"@type":"ReadAction","target":["https:\/\/www.swisschamber.it\/en\/2013\/05\/14\/usi-emba-open-day\/"]}]},{"@type":"ImageObject","inLanguage":"en-US","@id":"https:\/\/www.swisschamber.it\/en\/2013\/05\/14\/usi-emba-open-day\/#primaryimage","url":"https:\/\/www.swisschamber.it\/wp-content\/uploads\/2013\/05\/usi_EMBA-855x1024.gif","contentUrl":"https:\/\/www.swisschamber.it\/wp-content\/uploads\/2013\/05\/usi_EMBA-855x1024.gif"},{"@type":"BreadcrumbList","@id":"https:\/\/www.swisschamber.it\/en\/2013\/05\/14\/usi-emba-open-day\/#breadcrumb","itemListElement":[{"@type":"ListItem","position":1,"name":"Home","item":"https:\/\/www.swisschamber.it\/en\/"},{"@type":"ListItem","position":2,"name":"USI EMBA Open Day"}]},{"@type":"WebSite","@id":"https:\/\/www.swisschamber.it\/#website","url":"https:\/\/www.swisschamber.it\/","name":"Swiss Chamber","description":"Un nuovo sito targato WordPress","publisher":{"@id":"https:\/\/www.swisschamber.it\/#organization"},"potentialAction":[{"@type":"SearchAction","target":{"@type":"EntryPoint","urlTemplate":"https:\/\/www.swisschamber.it\/?s={search_term_string}"},"query-input":{"@type":"PropertyValueSpecification","valueRequired":true,"valueName":"search_term_string"}}],"inLanguage":"en-US"},{"@type":"Organization","@id":"https:\/\/www.swisschamber.it\/#organization","name":"SwissChamber - camera di commercio svizzera in Italia","url":"https:\/\/www.swisschamber.it\/","logo":{"@type":"ImageObject","inLanguage":"en-US","@id":"https:\/\/www.swisschamber.it\/#\/schema\/logo\/image\/","url":"https:\/\/www.swisschamber.it\/wp-content\/uploads\/2016\/01\/SC_Logo_3_IT_cut1.jpg","contentUrl":"https:\/\/www.swisschamber.it\/wp-content\/uploads\/2016\/01\/SC_Logo_3_IT_cut1.jpg","width":1276,"height":1118,"caption":"SwissChamber - camera di commercio svizzera in Italia"},"image":{"@id":"https:\/\/www.swisschamber.it\/#\/schema\/logo\/image\/"}},{"@type":"Person","@id":"https:\/\/www.swisschamber.it\/#\/schema\/person\/9da14e2fe1bb97ea61bfaf00dbbc4431","name":"Info@swisschamber.it","image":{"@type":"ImageObject","inLanguage":"en-US","@id":"https:\/\/secure.gravatar.com\/avatar\/418aa7300fba6e36de7a2507e7ee7f70862991d5082109c0823f979b617f80e0?s=96&d=mm&r=g","url":"https:\/\/secure.gravatar.com\/avatar\/418aa7300fba6e36de7a2507e7ee7f70862991d5082109c0823f979b617f80e0?s=96&d=mm&r=g","contentUrl":"https:\/\/secure.gravatar.com\/avatar\/418aa7300fba6e36de7a2507e7ee7f70862991d5082109c0823f979b617f80e0?s=96&d=mm&r=g","caption":"Info@swisschamber.it"},"url":"https:\/\/www.swisschamber.it\/en\/author\/infoswisschamber-it\/"}]}},"_links":{"self":[{"href":"https:\/\/www.swisschamber.it\/en\/wp-json\/wp\/v2\/posts\/14827","targetHints":{"allow":["GET"]}}],"collection":[{"href":"https:\/\/www.swisschamber.it\/en\/wp-json\/wp\/v2\/posts"}],"about":[{"href":"https:\/\/www.swisschamber.it\/en\/wp-json\/wp\/v2\/types\/post"}],"author":[{"embeddable":true,"href":"https:\/\/www.swisschamber.it\/en\/wp-json\/wp\/v2\/users\/6"}],"replies":[{"embeddable":true,"href":"https:\/\/www.swisschamber.it\/en\/wp-json\/wp\/v2\/comments?post=14827"}],"version-history":[{"count":1,"href":"https:\/\/www.swisschamber.it\/en\/wp-json\/wp\/v2\/posts\/14827\/revisions"}],"predecessor-version":[{"id":14828,"href":"https:\/\/www.swisschamber.it\/en\/wp-json\/wp\/v2\/posts\/14827\/revisions\/14828"}],"wp:attachment":[{"href":"https:\/\/www.swisschamber.it\/en\/wp-json\/wp\/v2\/media?parent=14827"}],"wp:term":[{"taxonomy":"category","embeddable":true,"href":"https:\/\/www.swisschamber.it\/en\/wp-json\/wp\/v2\/categories?post=14827"},{"taxonomy":"post_tag","embeddable":true,"href":"https:\/\/www.swisschamber.it\/en\/wp-json\/wp\/v2\/tags?post=14827"}],"curies":[{"name":"wp","href":"https:\/\/api.w.org\/{rel}","templated":true}]}}